{"id":1208,"date":"2011-07-28T15:53:58","date_gmt":"2011-07-28T13:53:58","guid":{"rendered":"https:\/\/www.wbg-werdohl.de\/?p=1208"},"modified":"2011-07-28T15:53:58","modified_gmt":"2011-07-28T13:53:58","slug":"besuch-bei-der-thyssenkrupp-vdm","status":"publish","type":"post","link":"https:\/\/www.wbg-werdohl.de\/?p=1208","title":{"rendered":"Besuch bei der ThyssenKrupp VDM"},"content":{"rendered":"<p>Die Mitarbeiterinformation Juli 2011 der ThyssenKrupp VDM berichtet \u00fcber den Besuch der WBG.  <strong> <\/strong> <strong> <\/strong><\/p>\n<p>Werdohler B\u00fcrgergemeinschaft am 29. M\u00e4rz zu Besuch bei \u00a0der ThyssenKrupp VDM<\/p>\n<figure id=\"attachment_1210\" aria-describedby=\"caption-attachment-1210\" style=\"width: 251px\" class=\"wp-caption alignleft\"><img loading=\"lazy\" decoding=\"async\" class=\"size-full wp-image-1210\" title=\"Zwischenablage02\" src=\"https:\/\/www.wbg-werdohl.de\/wp-content\/uploads\/2011\/07\/Zwischenablage02.jpg\" alt=\"WBG bei VDM\" width=\"251\" height=\"344\" srcset=\"https:\/\/www.wbg-werdohl.de\/wp-content\/uploads\/2011\/07\/Zwischenablage02.jpg 251w, https:\/\/www.wbg-werdohl.de\/wp-content\/uploads\/2011\/07\/Zwischenablage02-218x300.jpg 218w\" sizes=\"auto, (max-width: 251px) 100vw, 251px\" \/><figcaption id=\"caption-attachment-1210\" class=\"wp-caption-text\">WBG bei VDM<\/figcaption><\/figure>\n<p>ThyssenKrupp VDM hat die \u00a0seit dem Jahr 2009 im Rat der Stadt vertretene Fraktion der WBG eingeladen. Ratsmitglieder und sachkundige B\u00fcrger hatten zum einen die Chance die Produktionsst\u00e4tten f\u00fcr B\u00e4nder und Dr\u00e4hte am Standort zu besichtigen, zum anderen auch Diskussionen zu f\u00fchren.<\/p>\n<p>Schwerpunkte waren hierbei \u00a0der \u201eKreisel\u201c, das Thema Ausbildung und Schulkooperationen, aber auch die Standortsicherung und die Bahnanbindung.<\/p>\n<p>Nach der Vorstellung der ThyssenKrupp VDM durch Jan Bender, \u00a0Leiter Marketing &amp; Regional Management, wurde auch ein wesentliches Thema des Besuches, die Ausbildungsaktivit\u00e4ten der VDM, diskutiert. Trotz Wirtschaftskrise wurden die Anstrengungen w\u00e4hrend dieser Zeit verst\u00e4rkt, so dass mit 32 Auszubildenden im vergangenen eine neue Rekordzahl an \u00a0jungen Leuten bei VDM ausgebildet wird.  Marcel Verweinen, Leiter Personal und Soziales, erl\u00e4uterte das Gesamtkonzept der VDM zu einer nachhaltigen Sicherung von Nachwuchskr\u00e4ften f\u00fcr das Unternehmen und konnte, nicht ohne Stolz, \u00a0eine nahezu Ausbildungsquote von 7% nennen. Thomas Molz, Leiter Zentrale Technik, verwies in diesem Zu-sammenhang darauf, dass VDM gewillt ist sich des Themas \u00a0Kreisverkehr vor der Werkseinfahrt anzunehmen. Den durch einen Sachverst\u00e4ndigen ermittelten Kosten in H\u00f6he von ca. 3 Mio Euro stehen eine \ufb01 nanzielle Beteiligung von Stra\u00dfen NRW in H\u00f6he von 116.000 gegen\u00fcber. Nach dem abschlie\u00dfenden Rundgang durch das Werk zeigten sich die Fraktionsmitglieder der WBG beeindruckt vom \u201eHigh-Tech\u201c-Unternehmen ThyssenKrupp VDM, das gewisserma\u00dfen vor der Haust\u00fcr der Werdohler Halbzeuge aus Hochleistungswerksto\ufb00en f\u00fcr die ganze Welt produziert. \u25a0 V. Lindemann<\/p>\n<p>&nbsp;<\/p>\n<p><strong><strong>&nbsp;<\/p>\n<p><\/strong><\/strong><\/p>\n<p>&nbsp;<\/p>\n<p>&nbsp;<\/p>\n","protected":false},"excerpt":{"rendered":"<p>Die Mitarbeiterinformation Juli 2011 der ThyssenKrupp VDM berichtet \u00fcber den Besuch der WBG. Werdohler B\u00fcrgergemeinschaft am 29. M\u00e4rz zu Besuch bei \u00a0der ThyssenKrupp VDM ThyssenKrupp VDM hat die \u00a0seit dem [&hellip;]<\/p>\n","protected":false},"author":4,"featured_media":0,"comment_status":"open","ping_status":"open","sticky":false,"template":"","format":"standard","meta":{"footnotes":""},"categories":[3],"tags":[],"class_list":{"0":"post-1208","1":"post","2":"type-post","3":"status-publish","4":"format-standard","6":"category-presse","7":"czr-hentry"},"_links":{"self":[{"href":"https:\/\/www.wbg-werdohl.de\/index.php?rest_route=\/wp\/v2\/posts\/1208","targetHints":{"allow":["GET"]}}],"collection":[{"href":"https:\/\/www.wbg-werdohl.de\/index.php?rest_route=\/wp\/v2\/posts"}],"about":[{"href":"https:\/\/www.wbg-werdohl.de\/index.php?rest_route=\/wp\/v2\/types\/post"}],"author":[{"embeddable":true,"href":"https:\/\/www.wbg-werdohl.de\/index.php?rest_route=\/wp\/v2\/users\/4"}],"replies":[{"embeddable":true,"href":"https:\/\/www.wbg-werdohl.de\/index.php?rest_route=%2Fwp%2Fv2%2Fcomments&post=1208"}],"version-history":[{"count":20,"href":"https:\/\/www.wbg-werdohl.de\/index.php?rest_route=\/wp\/v2\/posts\/1208\/revisions"}],"predecessor-version":[{"id":1229,"href":"https:\/\/www.wbg-werdohl.de\/index.php?rest_route=\/wp\/v2\/posts\/1208\/revisions\/1229"}],"wp:attachment":[{"href":"https:\/\/www.wbg-werdohl.de\/index.php?rest_route=%2Fwp%2Fv2%2Fmedia&parent=1208"}],"wp:term":[{"taxonomy":"category","embeddable":true,"href":"https:\/\/www.wbg-werdohl.de\/index.php?rest_route=%2Fwp%2Fv2%2Fcategories&post=1208"},{"taxonomy":"post_tag","embeddable":true,"href":"https:\/\/www.wbg-werdohl.de\/index.php?rest_route=%2Fwp%2Fv2%2Ftags&post=1208"}],"curies":[{"name":"wp","href":"https:\/\/api.w.org\/{rel}","templated":true}]}}